{"id":937,"date":"2017-01-17T21:23:10","date_gmt":"2017-01-17T20:23:10","guid":{"rendered":"http:\/\/blog.mowista.de\/?p=937"},"modified":"2017-01-17T21:35:19","modified_gmt":"2017-01-17T20:35:19","slug":"der-schwarze-schwan-am-tegernsee","status":"publish","type":"post","link":"https:\/\/blog.mowista.de\/?p=937","title":{"rendered":"Der schwarze Schwan am Tegernsee"},"content":{"rendered":"<p>Von weit her soll er kommen, der schwarze Schwan, auch Trauerschwan genannt, denn seine urspr\u00fcngliche Heimat ist Australien, hier bei uns in Europa lebt er meist in einem Zoo.<\/p>\n<p>Von wo genau \u201eunser\u201c Schwan am Tegernsee kommt, ist bislang ein R\u00e4tsel. Anscheinend wird er nirgends vermisst. Aber es scheint ihm bei uns zu gefallen, schlie\u00dflich h\u00e4lt er sich bereits seit November in unseren Gefilden auf.<\/p>\n<p>Auf jeden Fall ist der Trauerschwan der einzige fast v\u00f6llig schwarze Schwan und hat au\u00dferdem den l\u00e4ngsten Hals aller Schw\u00e4ne und er ist etwas kleiner als der H\u00f6ckerschwan, der bei uns beheimatet ist.<\/p>\n<p>SIE oder ER ist ein wundersch\u00f6nes Exemplar und hat sich bereitwillig von mir fotografieren lassen. Aber so ganz einfach ist es nicht, ihn in dem dunklen Bachbett ausfindig zu machen. Eine liebe Bekannte hat gesagt, der Schwan hat die ideale Deckung gefunden. Also g\u00f6nnen wir sie ihm!<\/p>\n<p>Mehr \u00fcber diese Art erfahrt Ihr unter <a href=\"https:\/\/de.wikipedia.org\/wiki\/Trauerschwan\" target=\"_blank\">https:\/\/de.wikipedia.org\/wiki\/Trauerschwan<\/a><\/p>\n<p><a href=\"http:\/\/blog.mowista.de\/wp-content\/uploads\/2017\/01\/20170117_MW_DSC_5041_Trauerschwan-Bearbeitet-Bearbeitet_web.jpg\"><img loading=\"lazy\" decoding=\"async\" class=\"aligncenter size-full wp-image-942\" src=\"http:\/\/blog.mowista.de\/wp-content\/uploads\/2017\/01\/20170117_MW_DSC_5041_Trauerschwan-Bearbeitet-Bearbeitet_web.jpg\" alt=\"20170117_MW_DSC_5041_Trauerschwan-Bearbeitet-Bearbeitet_web\" width=\"1600\" height=\"1068\" srcset=\"https:\/\/blog.mowista.de\/wp-content\/uploads\/2017\/01\/20170117_MW_DSC_5041_Trauerschwan-Bearbeitet-Bearbeitet_web.jpg 1600w, https:\/\/blog.mowista.de\/wp-content\/uploads\/2017\/01\/20170117_MW_DSC_5041_Trauerschwan-Bearbeitet-Bearbeitet_web-300x200.jpg 300w, https:\/\/blog.mowista.de\/wp-content\/uploads\/2017\/01\/20170117_MW_DSC_5041_Trauerschwan-Bearbeitet-Bearbeitet_web-1024x683.jpg 1024w\" sizes=\"auto, (max-width: 1600px) 100vw, 1600px\" \/><\/a><\/p>\n<p><a href=\"http:\/\/blog.mowista.de\/wp-content\/uploads\/2017\/01\/20170117_MW_DSC_5069_Trauerschwan-Bearbeitet-Bearbeitet_web.jpg\"><img loading=\"lazy\" decoding=\"async\" class=\"aligncenter size-full wp-image-943\" src=\"http:\/\/blog.mowista.de\/wp-content\/uploads\/2017\/01\/20170117_MW_DSC_5069_Trauerschwan-Bearbeitet-Bearbeitet_web.jpg\" alt=\"20170117_MW_DSC_5069_Trauerschwan-Bearbeitet-Bearbeitet_web\" width=\"1600\" height=\"1068\" srcset=\"https:\/\/blog.mowista.de\/wp-content\/uploads\/2017\/01\/20170117_MW_DSC_5069_Trauerschwan-Bearbeitet-Bearbeitet_web.jpg 1600w, https:\/\/blog.mowista.de\/wp-content\/uploads\/2017\/01\/20170117_MW_DSC_5069_Trauerschwan-Bearbeitet-Bearbeitet_web-300x200.jpg 300w, https:\/\/blog.mowista.de\/wp-content\/uploads\/2017\/01\/20170117_MW_DSC_5069_Trauerschwan-Bearbeitet-Bearbeitet_web-1024x683.jpg 1024w\" sizes=\"auto, (max-width: 1600px) 100vw, 1600px\" \/><\/a><\/p>\n<p><a href=\"http:\/\/blog.mowista.de\/wp-content\/uploads\/2017\/01\/20170117_MW_DSC_5086_Trauerschwan-Bearbeitet-Bearbeitet_web.jpg\"><img loading=\"lazy\" decoding=\"async\" class=\"aligncenter size-full wp-image-944\" src=\"http:\/\/blog.mowista.de\/wp-content\/uploads\/2017\/01\/20170117_MW_DSC_5086_Trauerschwan-Bearbeitet-Bearbeitet_web.jpg\" alt=\"20170117_MW_DSC_5086_Trauerschwan-Bearbeitet-Bearbeitet_web\" width=\"1600\" height=\"1068\" srcset=\"https:\/\/blog.mowista.de\/wp-content\/uploads\/2017\/01\/20170117_MW_DSC_5086_Trauerschwan-Bearbeitet-Bearbeitet_web.jpg 1600w, https:\/\/blog.mowista.de\/wp-content\/uploads\/2017\/01\/20170117_MW_DSC_5086_Trauerschwan-Bearbeitet-Bearbeitet_web-300x200.jpg 300w, https:\/\/blog.mowista.de\/wp-content\/uploads\/2017\/01\/20170117_MW_DSC_5086_Trauerschwan-Bearbeitet-Bearbeitet_web-1024x683.jpg 1024w\" sizes=\"auto, (max-width: 1600px) 100vw, 1600px\" \/><\/a><\/p>\n<p><a href=\"http:\/\/blog.mowista.de\/wp-content\/uploads\/2017\/01\/20170117_MW_DSC_5094_Trauerschwan-Bearbeitet_web.jpg\"><img loading=\"lazy\" decoding=\"async\" class=\"aligncenter size-full wp-image-945\" src=\"http:\/\/blog.mowista.de\/wp-content\/uploads\/2017\/01\/20170117_MW_DSC_5094_Trauerschwan-Bearbeitet_web.jpg\" alt=\"20170117_MW_DSC_5094_Trauerschwan-Bearbeitet_web\" width=\"1600\" height=\"1068\" srcset=\"https:\/\/blog.mowista.de\/wp-content\/uploads\/2017\/01\/20170117_MW_DSC_5094_Trauerschwan-Bearbeitet_web.jpg 1600w, https:\/\/blog.mowista.de\/wp-content\/uploads\/2017\/01\/20170117_MW_DSC_5094_Trauerschwan-Bearbeitet_web-300x200.jpg 300w, https:\/\/blog.mowista.de\/wp-content\/uploads\/2017\/01\/20170117_MW_DSC_5094_Trauerschwan-Bearbeitet_web-1024x683.jpg 1024w\" sizes=\"auto, (max-width: 1600px) 100vw, 1600px\" \/><\/a><\/p>\n<p><a href=\"http:\/\/blog.mowista.de\/wp-content\/uploads\/2017\/01\/20170117_MW_DSC_5101_Trauerschwan-Bearbeitet-Bearbeitet_web.jpg\"><img loading=\"lazy\" decoding=\"async\" class=\"aligncenter size-full wp-image-946\" src=\"http:\/\/blog.mowista.de\/wp-content\/uploads\/2017\/01\/20170117_MW_DSC_5101_Trauerschwan-Bearbeitet-Bearbeitet_web.jpg\" alt=\"20170117_MW_DSC_5101_Trauerschwan-Bearbeitet-Bearbeitet_web\" width=\"1068\" height=\"1600\" srcset=\"https:\/\/blog.mowista.de\/wp-content\/uploads\/2017\/01\/20170117_MW_DSC_5101_Trauerschwan-Bearbeitet-Bearbeitet_web.jpg 1068w, https:\/\/blog.mowista.de\/wp-content\/uploads\/2017\/01\/20170117_MW_DSC_5101_Trauerschwan-Bearbeitet-Bearbeitet_web-200x300.jpg 200w, https:\/\/blog.mowista.de\/wp-content\/uploads\/2017\/01\/20170117_MW_DSC_5101_Trauerschwan-Bearbeitet-Bearbeitet_web-683x1024.jpg 683w\" sizes=\"auto, (max-width: 1068px) 100vw, 1068px\" \/><\/a><\/p>\n<p><a href=\"http:\/\/blog.mowista.de\/wp-content\/uploads\/2017\/01\/20170117_MW_DSC_5112_Trauerschwan-Bearbeitet-Bearbeitet_web.jpg\"><img loading=\"lazy\" decoding=\"async\" class=\"aligncenter size-full wp-image-947\" src=\"http:\/\/blog.mowista.de\/wp-content\/uploads\/2017\/01\/20170117_MW_DSC_5112_Trauerschwan-Bearbeitet-Bearbeitet_web.jpg\" alt=\"20170117_MW_DSC_5112_Trauerschwan-Bearbeitet-Bearbeitet_web\" width=\"1600\" height=\"1068\" srcset=\"https:\/\/blog.mowista.de\/wp-content\/uploads\/2017\/01\/20170117_MW_DSC_5112_Trauerschwan-Bearbeitet-Bearbeitet_web.jpg 1600w, https:\/\/blog.mowista.de\/wp-content\/uploads\/2017\/01\/20170117_MW_DSC_5112_Trauerschwan-Bearbeitet-Bearbeitet_web-300x200.jpg 300w, https:\/\/blog.mowista.de\/wp-content\/uploads\/2017\/01\/20170117_MW_DSC_5112_Trauerschwan-Bearbeitet-Bearbeitet_web-1024x683.jpg 1024w\" sizes=\"auto, (max-width: 1600px) 100vw, 1600px\" \/><\/a><\/p>\n","protected":false},"excerpt":{"rendered":"<p>Von weit her soll er kommen, der schwarze Schwan, auch Trauerschwan genannt, denn seine urspr\u00fcngliche Heimat ist Australien, hier bei uns in Europa lebt er meist in einem Zoo. Von wo genau \u201eunser\u201c Schwan am Tegernsee kommt, ist bislang ein &hellip; <a href=\"https:\/\/blog.mowista.de\/?p=937\">Weiterlesen <span class=\"meta-nav\">&rarr;<\/span><\/a><\/p>\n","protected":false},"author":1,"featured_media":0,"comment_status":"open","ping_status":"open","sticky":false,"template":"","format":"standard","meta":{"footnotes":""},"categories":[29,22,7,1],"tags":[],"class_list":["post-937","post","type-post","status-publish","format-standard","hentry","category-natur","category-seltenheit","category-tiere","category-uncategorized"],"_links":{"self":[{"href":"https:\/\/blog.mowista.de\/index.php?rest_route=\/wp\/v2\/posts\/937","targetHints":{"allow":["GET"]}}],"collection":[{"href":"https:\/\/blog.mowista.de\/index.php?rest_route=\/wp\/v2\/posts"}],"about":[{"href":"https:\/\/blog.mowista.de\/index.php?rest_route=\/wp\/v2\/types\/post"}],"author":[{"embeddable":true,"href":"https:\/\/blog.mowista.de\/index.php?rest_route=\/wp\/v2\/users\/1"}],"replies":[{"embeddable":true,"href":"https:\/\/blog.mowista.de\/index.php?rest_route=%2Fwp%2Fv2%2Fcomments&post=937"}],"version-history":[{"count":9,"href":"https:\/\/blog.mowista.de\/index.php?rest_route=\/wp\/v2\/posts\/937\/revisions"}],"predecessor-version":[{"id":952,"href":"https:\/\/blog.mowista.de\/index.php?rest_route=\/wp\/v2\/posts\/937\/revisions\/952"}],"wp:attachment":[{"href":"https:\/\/blog.mowista.de\/index.php?rest_route=%2Fwp%2Fv2%2Fmedia&parent=937"}],"wp:term":[{"taxonomy":"category","embeddable":true,"href":"https:\/\/blog.mowista.de\/index.php?rest_route=%2Fwp%2Fv2%2Fcategories&post=937"},{"taxonomy":"post_tag","embeddable":true,"href":"https:\/\/blog.mowista.de\/index.php?rest_route=%2Fwp%2Fv2%2Ftags&post=937"}],"curies":[{"name":"wp","href":"https:\/\/api.w.org\/{rel}","templated":true}]}}