{"id":636,"date":"2016-01-29T13:35:12","date_gmt":"2016-01-29T12:35:12","guid":{"rendered":"http:\/\/blog.mowista.de\/?p=636"},"modified":"2016-01-29T13:35:12","modified_gmt":"2016-01-29T12:35:12","slug":"gemeinsam-in-die-zukunft","status":"publish","type":"post","link":"https:\/\/blog.mowista.de\/?p=636","title":{"rendered":"Gemeinsam in die Zukunft"},"content":{"rendered":"<p>&#8230; und ich und meine Kamera durften dabei sein \ud83d\ude09<\/p>\n<p><a href=\"http:\/\/blog.mowista.de\/wp-content\/uploads\/2015\/11\/20150904_MW_DSC_7907_Hochzeit-VanessaDaniel-Bearbeitet.jpg\"><img loading=\"lazy\" decoding=\"async\" class=\"aligncenter size-full wp-image-637\" src=\"http:\/\/blog.mowista.de\/wp-content\/uploads\/2015\/11\/20150904_MW_DSC_7907_Hochzeit-VanessaDaniel-Bearbeitet.jpg\" alt=\"20150904_MW_DSC_7907_Hochzeit Vanessa&amp;Daniel-Bearbeitet\" width=\"960\" height=\"641\" srcset=\"https:\/\/blog.mowista.de\/wp-content\/uploads\/2015\/11\/20150904_MW_DSC_7907_Hochzeit-VanessaDaniel-Bearbeitet.jpg 960w, https:\/\/blog.mowista.de\/wp-content\/uploads\/2015\/11\/20150904_MW_DSC_7907_Hochzeit-VanessaDaniel-Bearbeitet-300x200.jpg 300w\" sizes=\"auto, (max-width: 960px) 100vw, 960px\" \/><\/a>Der erste Kuss &#8230;<\/p>\n<p><a href=\"http:\/\/blog.mowista.de\/wp-content\/uploads\/2015\/11\/20150904_MW_DSC_8730_Hochzeit-VanessaDaniel-Bearbeitet.jpg\"><img loading=\"lazy\" decoding=\"async\" class=\"aligncenter size-full wp-image-644\" src=\"http:\/\/blog.mowista.de\/wp-content\/uploads\/2015\/11\/20150904_MW_DSC_8730_Hochzeit-VanessaDaniel-Bearbeitet.jpg\" alt=\"20150904_MW_DSC_8730_Hochzeit Vanessa&amp;Daniel-Bearbeitet\" width=\"960\" height=\"641\" srcset=\"https:\/\/blog.mowista.de\/wp-content\/uploads\/2015\/11\/20150904_MW_DSC_8730_Hochzeit-VanessaDaniel-Bearbeitet.jpg 960w, https:\/\/blog.mowista.de\/wp-content\/uploads\/2015\/11\/20150904_MW_DSC_8730_Hochzeit-VanessaDaniel-Bearbeitet-300x200.jpg 300w\" sizes=\"auto, (max-width: 960px) 100vw, 960px\" \/><\/a><\/p>\n<p><a href=\"http:\/\/blog.mowista.de\/wp-content\/uploads\/2015\/11\/20150904_MW_DSC_8356_Hochzeit-VanessaDaniel-Bearbeitet.jpg\"><img loading=\"lazy\" decoding=\"async\" class=\"aligncenter size-full wp-image-638\" src=\"http:\/\/blog.mowista.de\/wp-content\/uploads\/2015\/11\/20150904_MW_DSC_8356_Hochzeit-VanessaDaniel-Bearbeitet.jpg\" alt=\"20150904_MW_DSC_8356_Hochzeit Vanessa&amp;Daniel-Bearbeitet\" width=\"960\" height=\"641\" srcset=\"https:\/\/blog.mowista.de\/wp-content\/uploads\/2015\/11\/20150904_MW_DSC_8356_Hochzeit-VanessaDaniel-Bearbeitet.jpg 960w, https:\/\/blog.mowista.de\/wp-content\/uploads\/2015\/11\/20150904_MW_DSC_8356_Hochzeit-VanessaDaniel-Bearbeitet-300x200.jpg 300w\" sizes=\"auto, (max-width: 960px) 100vw, 960px\" \/><\/a>Ein wundersch\u00f6nes Paar vor einen traumhaften Kulisse.<\/p>\n<p><a href=\"http:\/\/blog.mowista.de\/wp-content\/uploads\/2015\/11\/20150904_MW_DSC_8466_Hochzeit-VanessaDaniel-Bearbeitet.jpg\"><img loading=\"lazy\" decoding=\"async\" class=\"aligncenter size-full wp-image-640\" src=\"http:\/\/blog.mowista.de\/wp-content\/uploads\/2015\/11\/20150904_MW_DSC_8466_Hochzeit-VanessaDaniel-Bearbeitet.jpg\" alt=\"20150904_MW_DSC_8466_Hochzeit Vanessa&amp;Daniel-Bearbeitet\" width=\"641\" height=\"960\" srcset=\"https:\/\/blog.mowista.de\/wp-content\/uploads\/2015\/11\/20150904_MW_DSC_8466_Hochzeit-VanessaDaniel-Bearbeitet.jpg 641w, https:\/\/blog.mowista.de\/wp-content\/uploads\/2015\/11\/20150904_MW_DSC_8466_Hochzeit-VanessaDaniel-Bearbeitet-200x300.jpg 200w\" sizes=\"auto, (max-width: 641px) 100vw, 641px\" \/><\/a><\/p>\n<p><a href=\"http:\/\/blog.mowista.de\/wp-content\/uploads\/2015\/11\/20150904_MW_DSC_8580_Hochzeit-VanessaDaniel-Bearbeitet.jpg\"><img loading=\"lazy\" decoding=\"async\" class=\"aligncenter size-full wp-image-641\" src=\"http:\/\/blog.mowista.de\/wp-content\/uploads\/2015\/11\/20150904_MW_DSC_8580_Hochzeit-VanessaDaniel-Bearbeitet.jpg\" alt=\"20150904_MW_DSC_8580_Hochzeit Vanessa&amp;Daniel-Bearbeitet\" width=\"960\" height=\"641\" srcset=\"https:\/\/blog.mowista.de\/wp-content\/uploads\/2015\/11\/20150904_MW_DSC_8580_Hochzeit-VanessaDaniel-Bearbeitet.jpg 960w, https:\/\/blog.mowista.de\/wp-content\/uploads\/2015\/11\/20150904_MW_DSC_8580_Hochzeit-VanessaDaniel-Bearbeitet-300x200.jpg 300w\" sizes=\"auto, (max-width: 960px) 100vw, 960px\" \/><\/a><\/p>\n<p><a href=\"http:\/\/blog.mowista.de\/wp-content\/uploads\/2015\/11\/20150904_MW_DSC_8605_Hochzeit-VanessaDaniel-Bearbeitet.jpg\"><img loading=\"lazy\" decoding=\"async\" class=\"aligncenter size-full wp-image-646\" src=\"http:\/\/blog.mowista.de\/wp-content\/uploads\/2015\/11\/20150904_MW_DSC_8818_Hochzeit-VanessaDaniel-Bearbeitet.jpg\" alt=\"20150904_MW_DSC_8818_Hochzeit Vanessa&amp;Daniel-Bearbeitet\" width=\"960\" height=\"641\" srcset=\"https:\/\/blog.mowista.de\/wp-content\/uploads\/2015\/11\/20150904_MW_DSC_8818_Hochzeit-VanessaDaniel-Bearbeitet.jpg 960w, https:\/\/blog.mowista.de\/wp-content\/uploads\/2015\/11\/20150904_MW_DSC_8818_Hochzeit-VanessaDaniel-Bearbeitet-300x200.jpg 300w\" sizes=\"auto, (max-width: 960px) 100vw, 960px\" \/><\/a><\/p>\n<p><a href=\"http:\/\/blog.mowista.de\/wp-content\/uploads\/2015\/11\/20150904_MW_DSC_8626_Hochzeit-VanessaDaniel-Bearbeitet.jpg\"><img loading=\"lazy\" decoding=\"async\" class=\"aligncenter size-full wp-image-642\" src=\"http:\/\/blog.mowista.de\/wp-content\/uploads\/2015\/11\/20150904_MW_DSC_8605_Hochzeit-VanessaDaniel-Bearbeitet.jpg\" alt=\"20150904_MW_DSC_8605_Hochzeit Vanessa&amp;Daniel-Bearbeitet\" width=\"960\" height=\"641\" srcset=\"https:\/\/blog.mowista.de\/wp-content\/uploads\/2015\/11\/20150904_MW_DSC_8605_Hochzeit-VanessaDaniel-Bearbeitet.jpg 960w, https:\/\/blog.mowista.de\/wp-content\/uploads\/2015\/11\/20150904_MW_DSC_8605_Hochzeit-VanessaDaniel-Bearbeitet-300x200.jpg 300w\" sizes=\"auto, (max-width: 960px) 100vw, 960px\" \/><\/a><\/p>\n<p><a href=\"http:\/\/blog.mowista.de\/wp-content\/uploads\/2015\/11\/20150904_MW_DSC_8626_Hochzeit-VanessaDaniel-Bearbeitet.jpg\"><img loading=\"lazy\" decoding=\"async\" class=\"aligncenter size-full wp-image-643\" src=\"http:\/\/blog.mowista.de\/wp-content\/uploads\/2015\/11\/20150904_MW_DSC_8626_Hochzeit-VanessaDaniel-Bearbeitet.jpg\" alt=\"20150904_MW_DSC_8626_Hochzeit Vanessa&amp;Daniel-Bearbeitet\" width=\"960\" height=\"641\" srcset=\"https:\/\/blog.mowista.de\/wp-content\/uploads\/2015\/11\/20150904_MW_DSC_8626_Hochzeit-VanessaDaniel-Bearbeitet.jpg 960w, https:\/\/blog.mowista.de\/wp-content\/uploads\/2015\/11\/20150904_MW_DSC_8626_Hochzeit-VanessaDaniel-Bearbeitet-300x200.jpg 300w\" sizes=\"auto, (max-width: 960px) 100vw, 960px\" \/><\/a><\/p>\n<p><a href=\"http:\/\/blog.mowista.de\/wp-content\/uploads\/2015\/11\/20150904_MW_DSC_8791_Hochzeit-VanessaDaniel-Bearbeitet.jpg\"><img loading=\"lazy\" decoding=\"async\" class=\"aligncenter size-full wp-image-645\" src=\"http:\/\/blog.mowista.de\/wp-content\/uploads\/2015\/11\/20150904_MW_DSC_8791_Hochzeit-VanessaDaniel-Bearbeitet.jpg\" alt=\"20150904_MW_DSC_8791_Hochzeit Vanessa&amp;Daniel-Bearbeitet\" width=\"641\" height=\"960\" srcset=\"https:\/\/blog.mowista.de\/wp-content\/uploads\/2015\/11\/20150904_MW_DSC_8791_Hochzeit-VanessaDaniel-Bearbeitet.jpg 641w, https:\/\/blog.mowista.de\/wp-content\/uploads\/2015\/11\/20150904_MW_DSC_8791_Hochzeit-VanessaDaniel-Bearbeitet-200x300.jpg 200w\" sizes=\"auto, (max-width: 641px) 100vw, 641px\" \/><\/a>Ich w\u00fcnsche Euch beiden alles Gl\u00fcck dieser Erde f\u00fcr Euren gemeinsamen Weg!<\/p>\n","protected":false},"excerpt":{"rendered":"<p>&#8230; und ich und meine Kamera durften dabei sein \ud83d\ude09 Der erste Kuss &#8230; Ein wundersch\u00f6nes Paar vor einen traumhaften Kulisse. Ich w\u00fcnsche Euch beiden alles Gl\u00fcck dieser Erde f\u00fcr Euren gemeinsamen Weg!<\/p>\n","protected":false},"author":1,"featured_media":0,"comment_status":"open","ping_status":"open","sticky":false,"template":"","format":"standard","meta":{"footnotes":""},"categories":[34,11,9,10,1],"tags":[64,56,54,55],"class_list":["post-636","post","type-post","status-publish","format-standard","hentry","category-hochzeit","category-menschen","category-portrat","category-shooting","category-uncategorized","tag-hochzeit","tag-menschen","tag-portrat","tag-shooting"],"_links":{"self":[{"href":"https:\/\/blog.mowista.de\/index.php?rest_route=\/wp\/v2\/posts\/636","targetHints":{"allow":["GET"]}}],"collection":[{"href":"https:\/\/blog.mowista.de\/index.php?rest_route=\/wp\/v2\/posts"}],"about":[{"href":"https:\/\/blog.mowista.de\/index.php?rest_route=\/wp\/v2\/types\/post"}],"author":[{"embeddable":true,"href":"https:\/\/blog.mowista.de\/index.php?rest_route=\/wp\/v2\/users\/1"}],"replies":[{"embeddable":true,"href":"https:\/\/blog.mowista.de\/index.php?rest_route=%2Fwp%2Fv2%2Fcomments&post=636"}],"version-history":[{"count":14,"href":"https:\/\/blog.mowista.de\/index.php?rest_route=\/wp\/v2\/posts\/636\/revisions"}],"predecessor-version":[{"id":686,"href":"https:\/\/blog.mowista.de\/index.php?rest_route=\/wp\/v2\/posts\/636\/revisions\/686"}],"wp:attachment":[{"href":"https:\/\/blog.mowista.de\/index.php?rest_route=%2Fwp%2Fv2%2Fmedia&parent=636"}],"wp:term":[{"taxonomy":"category","embeddable":true,"href":"https:\/\/blog.mowista.de\/index.php?rest_route=%2Fwp%2Fv2%2Fcategories&post=636"},{"taxonomy":"post_tag","embeddable":true,"href":"https:\/\/blog.mowista.de\/index.php?rest_route=%2Fwp%2Fv2%2Ftags&post=636"}],"curies":[{"name":"wp","href":"https:\/\/api.w.org\/{rel}","templated":true}]}}